{"id":7199,"date":"2025-11-26T21:02:20","date_gmt":"2025-11-26T17:02:20","guid":{"rendered":"https:\/\/clarenlehman.com\/?p=7199"},"modified":"2025-11-26T21:04:49","modified_gmt":"2025-11-26T17:04:49","slug":"dia-internacional-de-la-no-violencia-contra-la-mujer","status":"publish","type":"post","link":"https:\/\/clarenlehman.com\/?p=7199","title":{"rendered":"D\u00eda Internacional de la No Violencia Contra la Mujer"},"content":{"rendered":"\t\t<div data-elementor-type=\"wp-post\" data-elementor-id=\"7199\" data-post-id=\"7199\" data-obj-id=\"7199\" class=\"elementor elementor-7199 dce-elementor-post-7199\" data-elementor-settings=\"[]\">\n\t\t\t\t\t\t\t<div class=\"elementor-section-wrap\">\n\t\t\t\t\t\t\t<section class=\"elementor-section elementor-top-section elementor-element elementor-element-35febe3c elementor-section-boxed elementor-section-height-default elementor-section-height-default\" data-id=\"35febe3c\" data-element_type=\"section\">\n\t\t\t\t\t\t<div class=\"elementor-container elementor-column-gap-default\">\n\t\t\t\t\t<div class=\"elementor-column elementor-col-100 elementor-top-column elementor-element elementor-element-1d30c791\" data-id=\"1d30c791\" data-element_type=\"column\">\n\t\t\t<div class=\"elementor-widget-wrap elementor-element-populated\">\n\t\t\t\t\t\t\t\t<div class=\"elementor-element elementor-element-5073d6b9 elementor-widget elementor-widget-text-editor\" data-id=\"5073d6b9\" data-element_type=\"widget\" data-widget_type=\"text-editor.default\">\n\t\t\t\t<div class=\"elementor-widget-container\">\n\t\t\t\t\t\t\t\tSe conmemora cada <strong data-start=\"868\" data-end=\"887\">25 de noviembre. <\/strong>La <em data-start=\"355\" data-end=\"385\">No Violencia Contra la Mujer<\/em> es un principio y un compromiso social que busca <strong data-start=\"435\" data-end=\"550\">prevenir, denunciar y eliminar todas las formas de violencia f\u00edsica, psicol\u00f3gica, sexual, econ\u00f3mica y emocional<\/strong> que afectan a ni\u00f1as, adolescentes y mujeres adultas.\t\t\t\t\t\t<\/div>\n\t\t\t\t<\/div>\n\t\t\t\t\t<\/div>\n\t\t<\/div>\n\t\t\t\t\t\t\t<\/div>\n\t\t<\/section>\n\t\t\t\t<section class=\"elementor-section elementor-top-section elementor-element elementor-element-4302cb6 elementor-section-boxed elementor-section-height-default elementor-section-height-default\" data-id=\"4302cb6\" data-element_type=\"section\">\n\t\t\t\t\t\t<div class=\"elementor-container elementor-column-gap-default\">\n\t\t\t\t\t<div class=\"elementor-column elementor-col-100 elementor-top-column elementor-element elementor-element-4cd4236\" data-id=\"4cd4236\" data-element_type=\"column\">\n\t\t\t<div class=\"elementor-widget-wrap elementor-element-populated\">\n\t\t\t\t\t\t\t\t<div class=\"elementor-element elementor-element-c7b5f3a dce_masking-none elementor-widget elementor-widget-image\" data-id=\"c7b5f3a\" data-element_type=\"widget\" data-widget_type=\"image.default\">\n\t\t\t\t<div class=\"elementor-widget-container\">\n\t\t\t\t\t\t\t\t\t\t\t\t\t\t\t<img width=\"576\" height=\"1024\" src=\"https:\/\/clarenlehman.com\/wp-content\/uploads\/2025\/11\/WhatsApp-Image-2025-11-26-at-12.09.40-PM-576x1024.jpeg\" class=\"attachment-large size-large\" alt=\"\" decoding=\"async\" loading=\"lazy\" srcset=\"https:\/\/clarenlehman.com\/wp-content\/uploads\/2025\/11\/WhatsApp-Image-2025-11-26-at-12.09.40-PM-576x1024.jpeg 576w, https:\/\/clarenlehman.com\/wp-content\/uploads\/2025\/11\/WhatsApp-Image-2025-11-26-at-12.09.40-PM-169x300.jpeg 169w, https:\/\/clarenlehman.com\/wp-content\/uploads\/2025\/11\/WhatsApp-Image-2025-11-26-at-12.09.40-PM-768x1366.jpeg 768w, https:\/\/clarenlehman.com\/wp-content\/uploads\/2025\/11\/WhatsApp-Image-2025-11-26-at-12.09.40-PM-56x100.jpeg 56w, https:\/\/clarenlehman.com\/wp-content\/uploads\/2025\/11\/WhatsApp-Image-2025-11-26-at-12.09.40-PM-864x1536.jpeg 864w, https:\/\/clarenlehman.com\/wp-content\/uploads\/2025\/11\/WhatsApp-Image-2025-11-26-at-12.09.40-PM.jpeg 899w\" sizes=\"(max-width: 576px) 100vw, 576px\" \/>\t\t\t\t\t\t\t\t\t\t\t\t\t\t\t<\/div>\n\t\t\t\t<\/div>\n\t\t\t\t\t<\/div>\n\t\t<\/div>\n\t\t\t\t\t\t\t<\/div>\n\t\t<\/section>\n\t\t\t\t\t\t<\/div>\n\t\t\t\t\t<\/div>\n\t\t","protected":false},"excerpt":{"rendered":"<p>Se conmemora cada 25 de noviembre. La No Violencia Contra la Mujer es un principio y un compromiso social que busca prevenir, denunciar y eliminar todas las formas de violencia f\u00edsica, psicol\u00f3gica, sexual, econ\u00f3mica y emocional que afectan a ni\u00f1as, adolescentes y mujeres adultas.<\/p>\n","protected":false},"author":415,"featured_media":7200,"comment_status":"open","ping_status":"open","sticky":false,"template":"","format":"standard","meta":[],"categories":[1],"tags":[],"_links":{"self":[{"href":"https:\/\/clarenlehman.com\/index.php?rest_route=\/wp\/v2\/posts\/7199"}],"collection":[{"href":"https:\/\/clarenlehman.com\/index.php?rest_route=\/wp\/v2\/posts"}],"about":[{"href":"https:\/\/clarenlehman.com\/index.php?rest_route=\/wp\/v2\/types\/post"}],"author":[{"embeddable":true,"href":"https:\/\/clarenlehman.com\/index.php?rest_route=\/wp\/v2\/users\/415"}],"replies":[{"embeddable":true,"href":"https:\/\/clarenlehman.com\/index.php?rest_route=%2Fwp%2Fv2%2Fcomments&post=7199"}],"version-history":[{"count":4,"href":"https:\/\/clarenlehman.com\/index.php?rest_route=\/wp\/v2\/posts\/7199\/revisions"}],"predecessor-version":[{"id":7205,"href":"https:\/\/clarenlehman.com\/index.php?rest_route=\/wp\/v2\/posts\/7199\/revisions\/7205"}],"wp:featuredmedia":[{"embeddable":true,"href":"https:\/\/clarenlehman.com\/index.php?rest_route=\/wp\/v2\/media\/7200"}],"wp:attachment":[{"href":"https:\/\/clarenlehman.com\/index.php?rest_route=%2Fwp%2Fv2%2Fmedia&parent=7199"}],"wp:term":[{"taxonomy":"category","embeddable":true,"href":"https:\/\/clarenlehman.com\/index.php?rest_route=%2Fwp%2Fv2%2Fcategories&post=7199"},{"taxonomy":"post_tag","embeddable":true,"href":"https:\/\/clarenlehman.com\/index.php?rest_route=%2Fwp%2Fv2%2Ftags&post=7199"}],"curies":[{"name":"wp","href":"https:\/\/api.w.org\/{rel}","templated":true}]}}